{"id":5428,"date":"2026-04-24T16:48:43","date_gmt":"2026-04-24T16:48:43","guid":{"rendered":"https:\/\/ombrasole.com\/?p=5428"},"modified":"2026-04-24T16:48:45","modified_gmt":"2026-04-24T16:48:45","slug":"rideau-motorise-exterieur-commercial-a-montreal","status":"publish","type":"post","link":"https:\/\/ombrasole.com\/fr\/blog\/rideau-motorise-exterieur-commercial-a-montreal\/","title":{"rendered":"Les d\u00e9tails qui font la diff\u00e9rence : Comment un rideau motoris\u00e9 \u00e9l\u00e8ve l&rsquo;image de votre \u00e9tablissement"},"content":{"rendered":"\n<p>Il y a une chose que les meilleurs \u00e9tablissements commerciaux ont compris depuis longtemps: Ce ne sont pas toujours les grands gestes qui marquent les clients, ce sont les d\u00e9tails. Le grain du bois sur les tables, l&rsquo;\u00e9clairage tamis\u00e9 au bon endroit, la fa\u00e7on dont le personnel plie les serviettes, la musique choisie avec soin, autant d&rsquo;\u00e9l\u00e9ments que les clients ne remarquent pas consciemment, mais qui construisent silencieusement leur <a href=\"https:\/\/ombrasole.com\/fr\/commercial\/rideaux-retractables-motorises-exterieur-tcl\/\">perception de la qualit\u00e9<\/a>. Et cette logique s&rsquo;applique autant \u00e0 l&rsquo;int\u00e9rieur qu&rsquo;\u00e0 l&rsquo;ext\u00e9rieur. Peut-\u00eatre m\u00eame davantage \u00e0 l&rsquo;ext\u00e9rieur, car c&rsquo;est souvent le premier espace que votre client voit, et les premi\u00e8res impressions, comme on le sait, ont la vie dure.<\/p>\n\n\n\n<figure class=\"wp-block-image size-full\"><img loading=\"lazy\" decoding=\"async\" width=\"926\" height=\"571\" src=\"https:\/\/ombrasole.com\/wp-content\/uploads\/2026\/04\/image-32.png\" alt=\"\" class=\"wp-image-5429\" srcset=\"https:\/\/ombrasole.com\/wp-content\/uploads\/2026\/04\/image-32.png 926w, https:\/\/ombrasole.com\/wp-content\/uploads\/2026\/04\/image-32-300x185.png 300w, https:\/\/ombrasole.com\/wp-content\/uploads\/2026\/04\/image-32-768x474.png 768w\" sizes=\"auto, (max-width: 926px) 100vw, 926px\" \/><\/figure>\n\n\n\n<h2 class=\"wp-block-heading\">La perception de qualit\u00e9 se construit dans les d\u00e9tails<\/h2>\n\n\n\n<p>Demandez \u00e0 n&rsquo;importe quel professionnel de l&rsquo;h\u00f4tellerie ou de la restauration haut de gamme: La perception de luxe ne passe pas uniquement par les grands investissements visibles. Elle passe par la coh\u00e9rence, cette impression que chaque \u00e9l\u00e9ment de l&rsquo;espace a \u00e9t\u00e9 pens\u00e9, choisi, positionn\u00e9 avec intention. Un client qui entre dans un restaurant et qui ressent cette coh\u00e9rence ne sait pas toujours l&rsquo;expliquer. Il dira simplement que \u00ab c&rsquo;est beau \u00bb, que \u00ab \u00e7a a l&rsquo;air classe \u00bb, ou encore que \u00ab \u00e7a change des autres endroits \u00bb. Ce sentiment est le fruit d&rsquo;une accumulation de bons d\u00e9tails.<\/p>\n\n\n\n<p>\u00c0 l&rsquo;inverse, un seul mauvais d\u00e9tail peut suffire \u00e0 briser cette impression. Une chaise bancale, un store ext\u00e9rieur gondol\u00e9 et d\u00e9color\u00e9, chacun de ces \u00e9l\u00e9ments envoie un signal n\u00e9gatif, m\u00eame inconscient, qui \u00e9rode la perception de qualit\u00e9 que vous avez mis tant de soin \u00e0 construire. Dans le domaine du design commercial, on dit souvent que la qualit\u00e9 per\u00e7ue est aussi forte que son maillon le plus faible.<\/p>\n\n\n\n<h2 class=\"wp-block-heading\">La terrasse : Le maillon souvent n\u00e9glig\u00e9 de l&rsquo;image de marque<\/h2>\n\n\n\n<p>C&rsquo;est pr\u00e9cis\u00e9ment l\u00e0 que beaucoup d&rsquo;\u00e9tablissements commerciaux perdent des points sans s&rsquo;en rendre compte. On investit dans la d\u00e9coration int\u00e9rieure, dans l&rsquo;\u00e9clairage, dans la vaisselle, et on laisse la terrasse se d\u00e9brouiller avec un \u00e9quipement approximatif qui ne correspond pas du tout au niveau de soin apport\u00e9 au reste de l&rsquo;\u00e9tablissement. Un store en toile bon march\u00e9 qui gondole d\u00e8s qu&rsquo;il y a du vent. Des stores \u00e0 fermetures \u00e9claires qui se coincent et qu&rsquo;on doit manipuler maladroitement devant les clients. Des structures g\u00e9n\u00e9riques qui ne s&rsquo;int\u00e8grent pas au langage visuel de l&rsquo;\u00e9tablissement.<\/p>\n\n\n\n<p>Or, la terrasse est souvent le premier point de contact visuel entre votre \u00e9tablissement et votre client. C&rsquo;est ce qu&rsquo;il voit en passant dans la rue. C&rsquo;est ce qu&rsquo;il photographie. C&rsquo;est ce qu&rsquo;il montre \u00e0 ses amis en disant \u00ab c&rsquo;est l\u00e0 qu&rsquo;on va \u00bb. Une terrasse qui manque de soin, c&rsquo;est une premi\u00e8re impression rat\u00e9e, et une occasion manqu\u00e9e de renforcer votre image de marque \u00e0 chaque passage.<\/p>\n\n\n\n<h2 class=\"wp-block-heading\">Ce que les meilleures terrasses commerciales ont en commun<\/h2>\n\n\n\n<p>Si vous observez les terrasses des \u00e9tablissements les plus reconnus de Montr\u00e9al, ceux qui font r\u00e9guli\u00e8rement l&rsquo;objet d&rsquo;articles dans les magazines de design et de gastronomie, ceux dont les photos circulent sur les r\u00e9seaux sociaux, vous remarquerez que leurs espaces ext\u00e9rieurs partagent plusieurs caract\u00e9ristiques. D&rsquo;abord, une coh\u00e9rence visuelle forte avec l&rsquo;int\u00e9rieur : Les mat\u00e9riaux, les couleurs et le style des \u00e9quipements ext\u00e9rieurs prolongent l&rsquo;identit\u00e9 de l&rsquo;\u00e9tablissement plut\u00f4t que de la contredire.<\/p>\n\n\n\n<p>Ensuite, une fonctionnalit\u00e9 invisible. Les meilleurs \u00e9quipements sont ceux qu&rsquo;on ne remarque pas, ceux qui effectuent leur travail sans attirer l&rsquo;attention, qui s&rsquo;ouvrent et se ferment sans bruit ni effort apparent, qui restent impeccables apr\u00e8s plusieurs saisons d&rsquo;utilisation intensive. Enfin, une impression de permanence : Ces terrasses ne semblent pas avoir \u00e9t\u00e9 am\u00e9nag\u00e9es en vitesse ou avec les moyens du bord. Elles semblent avoir toujours \u00e9t\u00e9 l\u00e0, comme si elles avaient \u00e9t\u00e9 pens\u00e9es en m\u00eame temps que l&rsquo;\u00e9tablissement lui-m\u00eame.<\/p>\n\n\n\n<h2 class=\"wp-block-heading\">Le rideau motoris\u00e9 TCL: Le d\u00e9tail qui \u00e9l\u00e8ve tout le reste<\/h2>\n\n\n\n<p>C&rsquo;est dans cette perspective que le rideau motoris\u00e9 TCL d&rsquo;Ombrasole prend tout son sens dans un contexte commercial. Con\u00e7u et fabriqu\u00e9 exclusivement au Qu\u00e9bec, le TCL se distingue d&#8217;embl\u00e9e par sa conception en aluminium extrud\u00e9, disponible en noir sophistiqu\u00e9 ou en gris anodis\u00e9 clair, qui s&rsquo;int\u00e8gre naturellement \u00e0 la plupart des esth\u00e9tiques commerciales contemporaines. Sa cassette de protection en aluminium prot\u00e8ge la toile quand elle est r\u00e9tract\u00e9e, laissant une ligne \u00e9pur\u00e9e et nette qui ne d\u00e9note pas, m\u00eame dans les environnements les plus soign\u00e9s.<\/p>\n\n\n\n<p>La toile en Serge Ferrari, <a href=\"https:\/\/ombrasole.com\/fr\/commercial\/rideaux-retractables-motorises-exterieur-tcl\/\">une r\u00e9f\u00e9rence mondiale en mati\u00e8re de textiles techniques<\/a>, est disponible dans une gamme de coloris qui permet de l&rsquo;harmoniser pr\u00e9cis\u00e9ment \u00e0 l&rsquo;identit\u00e9 visuelle de votre \u00e9tablissement. Ce n&rsquo;est pas un d\u00e9tail anodin: La coh\u00e9rence des couleurs entre vos \u00e9quipements ext\u00e9rieurs et votre charte graphique renforce la perception d&rsquo;une image de marque ma\u00eetris\u00e9e et professionnelle. Chaque \u00e9l\u00e9ment raconte la m\u00eame histoire.<\/p>\n\n\n\n<p>Et ce qui impressionne encore davantage, c&rsquo;est ce qu&rsquo;on ne voit pas : Le syst\u00e8me de verrouillage r\u00e9volutionnaire plac\u00e9 au bas du rideau, qui maintient la toile parfaitement tendue m\u00eame par vents forts, sans fermetures \u00e9claires apparentes dans les guides lat\u00e9raux. L\u00e0 o\u00f9 d&rsquo;autres syst\u00e8mes se gonflent, s&rsquo;ouvrent et claquent bruyamment d\u00e8s qu&rsquo;une brise se l\u00e8ve, cr\u00e9ant un spectacle peu flatteur devant vos clients<a href=\"https:\/\/ombrasole.com\/fr\/commercial\/rideaux-retractables-motorises-exterieur-tcl\/\">, le TCL reste parfaitement stable<\/a>. La fonctionnalit\u00e9 est totale, mais discr\u00e8te. Et la motorisation Somfy assure une ouverture et une fermeture fluides, d&rsquo;une simple pression sur une t\u00e9l\u00e9commande, sans effort ni manipulation visible.<\/p>\n\n\n\n<figure class=\"wp-block-image size-full\"><img loading=\"lazy\" decoding=\"async\" width=\"966\" height=\"556\" src=\"https:\/\/ombrasole.com\/wp-content\/uploads\/2026\/04\/image-33.png\" alt=\"\" class=\"wp-image-5431\" srcset=\"https:\/\/ombrasole.com\/wp-content\/uploads\/2026\/04\/image-33.png 966w, https:\/\/ombrasole.com\/wp-content\/uploads\/2026\/04\/image-33-300x173.png 300w, https:\/\/ombrasole.com\/wp-content\/uploads\/2026\/04\/image-33-768x442.png 768w\" sizes=\"auto, (max-width: 966px) 100vw, 966px\" \/><\/figure>\n\n\n\n<h2 class=\"wp-block-heading\">Investir dans les d\u00e9tails, c&rsquo;est investir dans la fid\u00e9lisation<\/h2>\n\n\n\n<p>On pourrait \u00eatre tent\u00e9 de voir un rideau ext\u00e9rieur comme un achat purement fonctionnel, un \u00e9quipement qui prot\u00e8ge du soleil et du vent, et c&rsquo;est tout. Mais dans le contexte commercial, chaque \u00e9l\u00e9ment visible de votre espace est un <a href=\"https:\/\/ombrasole.com\/fr\/commercial\/rideaux-retractables-motorises-exterieur-tcl\/\">acte de communication envers vos clients<\/a>. Un rideau de qualit\u00e9, bien choisi, bien install\u00e9, qui fonctionne sans accroc et qui vieillit bien, communique soin, professionnalisme et attention aux d\u00e9tails. Un rideau g\u00e9n\u00e9rique qui flotte dans le vent et dont la fermeture \u00e9clair coince communique exactement le contraire.<\/p>\n\n\n\n<p>La garantie de 5 ans sur le moteur Somfy et de 10 ans sur la toile Serge Ferrari confirme que le TCL est pens\u00e9 pour s&rsquo;inscrire dans la dur\u00e9e, un \u00e9quipement qui continue de bien repr\u00e9senter votre \u00e9tablissement saison apr\u00e8s saison, sans entretien fastidieux. Il s&rsquo;adapte exactement \u00e0 votre espace, sans compromis.<\/p>\n\n\n\n<p>Les \u00e9tablissements qui se d\u00e9marquent durablement ne sont pas n\u00e9cessairement ceux qui ont le plus grand budget, ce sont ceux qui comprennent que chaque d\u00e9tail visible contribue \u00e0 la perception globale de leur marque. Et dans un march\u00e9 aussi comp\u00e9titif que celui de Montr\u00e9al, cette perception fait toute la diff\u00e9rence entre un client de passage et un client fid\u00e8le.<\/p>\n\n\n\n<p>Le <a href=\"https:\/\/ombrasole.com\/fr\/commercial\/rideaux-retractables-motorises-exterieur-tcl\/\">rideau motoris\u00e9 TCL<\/a> est exactement ce genre de d\u00e9tail, celui qui passe inaper\u00e7u quand tout va bien, mais dont l&rsquo;absence se remarque imm\u00e9diatement. Fabriqu\u00e9 \u00e0 Montr\u00e9al, sur mesure, avec des mat\u00e9riaux de classe mondiale et une technologie fiable, il compl\u00e8te votre espace ext\u00e9rieur avec l&rsquo;\u00e9l\u00e9gance discr\u00e8te que votre image de marque m\u00e9rite.<\/p>\n\n\n\n<p><\/p>\n","protected":false},"excerpt":{"rendered":"<p>Il y a une chose que les meilleurs \u00e9tablissements commerciaux ont compris depuis longtemps: Ce ne sont pas toujours les grands gestes qui marquent les clients, ce sont les d\u00e9tails. Le grain du bois sur les tables, l&rsquo;\u00e9clairage tamis\u00e9 au bon endroit, la fa\u00e7on dont le personnel plie les serviettes, la musique choisie avec soin,&hellip;<\/p>\n","protected":false},"author":6,"featured_media":5429,"comment_status":"open","ping_status":"open","sticky":false,"template":"","format":"standard","meta":{"footnotes":""},"categories":[10],"tags":[],"class_list":["post-5428","post","type-post","status-publish","format-standard","has-post-thumbnail","hentry","category-non-classifiee"],"yoast_head":"<!-- This site is optimized with the Yoast SEO plugin v27.5 - https:\/\/yoast.com\/product\/yoast-seo-wordpress\/ -->\n<title>Les d\u00e9tails qui font la diff\u00e9rence : Comment un rideau motoris\u00e9 \u00e9l\u00e8ve l&#039;image de votre \u00e9tablissement | Ombrasole Awnings<\/title>\n<meta name=\"description\" content=\"Les d\u00e9tails qui font la diff\u00e9rence : Comment un rideau motoris\u00e9 \u00e9l\u00e8ve l&#039;image de votre \u00e9tablissement | Ombrasole Awnings\" \/>\n<meta name=\"robots\" content=\"index, follow, max-snippet:-1, max-image-preview:large, max-video-preview:-1\" \/>\n<link rel=\"canonical\" href=\"https:\/\/ombrasole.com\/fr\/blog\/rideau-motorise-exterieur-commercial-a-montreal\/\" \/>\n<meta property=\"og:locale\" content=\"fr_FR\" \/>\n<meta property=\"og:type\" content=\"article\" \/>\n<meta property=\"og:title\" content=\"Les d\u00e9tails qui font la diff\u00e9rence : Comment un rideau motoris\u00e9 \u00e9l\u00e8ve l&#039;image de votre \u00e9tablissement | Ombrasole Awnings\" \/>\n<meta property=\"og:description\" content=\"Les d\u00e9tails qui font la diff\u00e9rence : Comment un rideau motoris\u00e9 \u00e9l\u00e8ve l&#039;image de votre \u00e9tablissement | Ombrasole Awnings\" \/>\n<meta property=\"og:url\" content=\"https:\/\/ombrasole.com\/fr\/blog\/rideau-motorise-exterieur-commercial-a-montreal\/\" \/>\n<meta property=\"og:site_name\" content=\"Ombrasole Awnings\" \/>\n<meta property=\"article:publisher\" content=\"https:\/\/www.facebook.com\/ombrasole\/\" \/>\n<meta property=\"article:published_time\" content=\"2026-04-24T16:48:43+00:00\" \/>\n<meta property=\"article:modified_time\" content=\"2026-04-24T16:48:45+00:00\" \/>\n<meta property=\"og:image\" content=\"https:\/\/ombrasole.com\/wp-content\/uploads\/2026\/04\/image-32.png\" \/>\n\t<meta property=\"og:image:width\" content=\"926\" \/>\n\t<meta property=\"og:image:height\" content=\"571\" \/>\n\t<meta property=\"og:image:type\" content=\"image\/png\" \/>\n<meta name=\"author\" content=\"Valentina\" \/>\n<meta name=\"twitter:card\" content=\"summary_large_image\" \/>\n<meta name=\"twitter:label1\" content=\"\u00c9crit par\" \/>\n\t<meta name=\"twitter:data1\" content=\"Valentina\" \/>\n\t<meta name=\"twitter:label2\" content=\"Dur\u00e9e de lecture estim\u00e9e\" \/>\n\t<meta name=\"twitter:data2\" content=\"6 minutes\" \/>\n<script type=\"application\/ld+json\" class=\"yoast-schema-graph\">{\"@context\":\"https:\\\/\\\/schema.org\",\"@graph\":[{\"@type\":\"Article\",\"@id\":\"https:\\\/\\\/ombrasole.com\\\/fr\\\/blog\\\/rideau-motorise-exterieur-commercial-a-montreal\\\/#article\",\"isPartOf\":{\"@id\":\"https:\\\/\\\/ombrasole.com\\\/fr\\\/blog\\\/rideau-motorise-exterieur-commercial-a-montreal\\\/\"},\"author\":{\"name\":\"Valentina\",\"@id\":\"https:\\\/\\\/ombrasole.com\\\/fr\\\/#\\\/schema\\\/person\\\/35431a957ed3ca3e09362ef0a4ef8135\"},\"headline\":\"Les d\u00e9tails qui font la diff\u00e9rence : Comment un rideau motoris\u00e9 \u00e9l\u00e8ve l&rsquo;image de votre \u00e9tablissement\",\"datePublished\":\"2026-04-24T16:48:43+00:00\",\"dateModified\":\"2026-04-24T16:48:45+00:00\",\"mainEntityOfPage\":{\"@id\":\"https:\\\/\\\/ombrasole.com\\\/fr\\\/blog\\\/rideau-motorise-exterieur-commercial-a-montreal\\\/\"},\"wordCount\":1305,\"commentCount\":0,\"publisher\":{\"@id\":\"https:\\\/\\\/ombrasole.com\\\/fr\\\/#organization\"},\"image\":{\"@id\":\"https:\\\/\\\/ombrasole.com\\\/fr\\\/blog\\\/rideau-motorise-exterieur-commercial-a-montreal\\\/#primaryimage\"},\"thumbnailUrl\":\"https:\\\/\\\/ombrasole.com\\\/wp-content\\\/uploads\\\/2026\\\/04\\\/image-32.png\",\"articleSection\":[\"Non classifi\u00e9(e)\"],\"inLanguage\":\"fr-FR\",\"potentialAction\":[{\"@type\":\"CommentAction\",\"name\":\"Comment\",\"target\":[\"https:\\\/\\\/ombrasole.com\\\/fr\\\/blog\\\/rideau-motorise-exterieur-commercial-a-montreal\\\/#respond\"]}]},{\"@type\":\"WebPage\",\"@id\":\"https:\\\/\\\/ombrasole.com\\\/fr\\\/blog\\\/rideau-motorise-exterieur-commercial-a-montreal\\\/\",\"url\":\"https:\\\/\\\/ombrasole.com\\\/fr\\\/blog\\\/rideau-motorise-exterieur-commercial-a-montreal\\\/\",\"name\":\"Les d\u00e9tails qui font la diff\u00e9rence : Comment un rideau motoris\u00e9 \u00e9l\u00e8ve l'image de votre \u00e9tablissement | Ombrasole Awnings\",\"isPartOf\":{\"@id\":\"https:\\\/\\\/ombrasole.com\\\/fr\\\/#website\"},\"primaryImageOfPage\":{\"@id\":\"https:\\\/\\\/ombrasole.com\\\/fr\\\/blog\\\/rideau-motorise-exterieur-commercial-a-montreal\\\/#primaryimage\"},\"image\":{\"@id\":\"https:\\\/\\\/ombrasole.com\\\/fr\\\/blog\\\/rideau-motorise-exterieur-commercial-a-montreal\\\/#primaryimage\"},\"thumbnailUrl\":\"https:\\\/\\\/ombrasole.com\\\/wp-content\\\/uploads\\\/2026\\\/04\\\/image-32.png\",\"datePublished\":\"2026-04-24T16:48:43+00:00\",\"dateModified\":\"2026-04-24T16:48:45+00:00\",\"description\":\"Les d\u00e9tails qui font la diff\u00e9rence : Comment un rideau motoris\u00e9 \u00e9l\u00e8ve l'image de votre \u00e9tablissement | Ombrasole Awnings\",\"breadcrumb\":{\"@id\":\"https:\\\/\\\/ombrasole.com\\\/fr\\\/blog\\\/rideau-motorise-exterieur-commercial-a-montreal\\\/#breadcrumb\"},\"inLanguage\":\"fr-FR\",\"potentialAction\":[{\"@type\":\"ReadAction\",\"target\":[\"https:\\\/\\\/ombrasole.com\\\/fr\\\/blog\\\/rideau-motorise-exterieur-commercial-a-montreal\\\/\"]}]},{\"@type\":\"ImageObject\",\"inLanguage\":\"fr-FR\",\"@id\":\"https:\\\/\\\/ombrasole.com\\\/fr\\\/blog\\\/rideau-motorise-exterieur-commercial-a-montreal\\\/#primaryimage\",\"url\":\"https:\\\/\\\/ombrasole.com\\\/wp-content\\\/uploads\\\/2026\\\/04\\\/image-32.png\",\"contentUrl\":\"https:\\\/\\\/ombrasole.com\\\/wp-content\\\/uploads\\\/2026\\\/04\\\/image-32.png\",\"width\":926,\"height\":571},{\"@type\":\"BreadcrumbList\",\"@id\":\"https:\\\/\\\/ombrasole.com\\\/fr\\\/blog\\\/rideau-motorise-exterieur-commercial-a-montreal\\\/#breadcrumb\",\"itemListElement\":[{\"@type\":\"ListItem\",\"position\":1,\"name\":\"Home\",\"item\":\"https:\\\/\\\/ombrasole.com\\\/fr\\\/\"},{\"@type\":\"ListItem\",\"position\":2,\"name\":\"Les d\u00e9tails qui font la diff\u00e9rence : Comment un rideau motoris\u00e9 \u00e9l\u00e8ve l&#8217;image de votre \u00e9tablissement\"}]},{\"@type\":\"WebSite\",\"@id\":\"https:\\\/\\\/ombrasole.com\\\/fr\\\/#website\",\"url\":\"https:\\\/\\\/ombrasole.com\\\/fr\\\/\",\"name\":\"Ombrasole\",\"description\":\"Custom Made Awnings In Montreal, Our Style Makes The Difference\",\"publisher\":{\"@id\":\"https:\\\/\\\/ombrasole.com\\\/fr\\\/#organization\"},\"potentialAction\":[{\"@type\":\"SearchAction\",\"target\":{\"@type\":\"EntryPoint\",\"urlTemplate\":\"https:\\\/\\\/ombrasole.com\\\/fr\\\/?s={search_term_string}\"},\"query-input\":{\"@type\":\"PropertyValueSpecification\",\"valueRequired\":true,\"valueName\":\"search_term_string\"}}],\"inLanguage\":\"fr-FR\"},{\"@type\":\"Organization\",\"@id\":\"https:\\\/\\\/ombrasole.com\\\/fr\\\/#organization\",\"name\":\"Ombrasole\",\"alternateName\":\"Ombrasole Awnings\",\"url\":\"https:\\\/\\\/ombrasole.com\\\/fr\\\/\",\"logo\":{\"@type\":\"ImageObject\",\"inLanguage\":\"fr-FR\",\"@id\":\"https:\\\/\\\/ombrasole.com\\\/fr\\\/#\\\/schema\\\/logo\\\/image\\\/\",\"url\":\"https:\\\/\\\/ombrasole.com\\\/wp-content\\\/uploads\\\/2024\\\/01\\\/Ombrasole_logo_white.png\",\"contentUrl\":\"https:\\\/\\\/ombrasole.com\\\/wp-content\\\/uploads\\\/2024\\\/01\\\/Ombrasole_logo_white.png\",\"width\":328,\"height\":90,\"caption\":\"Ombrasole\"},\"image\":{\"@id\":\"https:\\\/\\\/ombrasole.com\\\/fr\\\/#\\\/schema\\\/logo\\\/image\\\/\"},\"sameAs\":[\"https:\\\/\\\/www.facebook.com\\\/ombrasole\\\/\"]},{\"@type\":\"Person\",\"@id\":\"https:\\\/\\\/ombrasole.com\\\/fr\\\/#\\\/schema\\\/person\\\/35431a957ed3ca3e09362ef0a4ef8135\",\"name\":\"Valentina\",\"image\":{\"@type\":\"ImageObject\",\"inLanguage\":\"fr-FR\",\"@id\":\"https:\\\/\\\/secure.gravatar.com\\\/avatar\\\/f3ba829c24c1fedf9eed656f35ac3cd81026e1d3b05accd96bf38bc85f97a814?s=96&d=mm&r=g\",\"url\":\"https:\\\/\\\/secure.gravatar.com\\\/avatar\\\/f3ba829c24c1fedf9eed656f35ac3cd81026e1d3b05accd96bf38bc85f97a814?s=96&d=mm&r=g\",\"contentUrl\":\"https:\\\/\\\/secure.gravatar.com\\\/avatar\\\/f3ba829c24c1fedf9eed656f35ac3cd81026e1d3b05accd96bf38bc85f97a814?s=96&d=mm&r=g\",\"caption\":\"Valentina\"},\"url\":\"https:\\\/\\\/ombrasole.com\\\/fr\\\/author\\\/valentina\\\/\"}]}<\/script>\n<!-- \/ Yoast SEO plugin. -->","yoast_head_json":{"title":"Les d\u00e9tails qui font la diff\u00e9rence : Comment un rideau motoris\u00e9 \u00e9l\u00e8ve l'image de votre \u00e9tablissement | Ombrasole Awnings","description":"Les d\u00e9tails qui font la diff\u00e9rence : Comment un rideau motoris\u00e9 \u00e9l\u00e8ve l'image de votre \u00e9tablissement | Ombrasole Awnings","robots":{"index":"index","follow":"follow","max-snippet":"max-snippet:-1","max-image-preview":"max-image-preview:large","max-video-preview":"max-video-preview:-1"},"canonical":"https:\/\/ombrasole.com\/fr\/blog\/rideau-motorise-exterieur-commercial-a-montreal\/","og_locale":"fr_FR","og_type":"article","og_title":"Les d\u00e9tails qui font la diff\u00e9rence : Comment un rideau motoris\u00e9 \u00e9l\u00e8ve l'image de votre \u00e9tablissement | Ombrasole Awnings","og_description":"Les d\u00e9tails qui font la diff\u00e9rence : Comment un rideau motoris\u00e9 \u00e9l\u00e8ve l'image de votre \u00e9tablissement | Ombrasole Awnings","og_url":"https:\/\/ombrasole.com\/fr\/blog\/rideau-motorise-exterieur-commercial-a-montreal\/","og_site_name":"Ombrasole Awnings","article_publisher":"https:\/\/www.facebook.com\/ombrasole\/","article_published_time":"2026-04-24T16:48:43+00:00","article_modified_time":"2026-04-24T16:48:45+00:00","og_image":[{"width":926,"height":571,"url":"https:\/\/ombrasole.com\/wp-content\/uploads\/2026\/04\/image-32.png","type":"image\/png"}],"author":"Valentina","twitter_card":"summary_large_image","twitter_misc":{"\u00c9crit par":"Valentina","Dur\u00e9e de lecture estim\u00e9e":"6 minutes"},"schema":{"@context":"https:\/\/schema.org","@graph":[{"@type":"Article","@id":"https:\/\/ombrasole.com\/fr\/blog\/rideau-motorise-exterieur-commercial-a-montreal\/#article","isPartOf":{"@id":"https:\/\/ombrasole.com\/fr\/blog\/rideau-motorise-exterieur-commercial-a-montreal\/"},"author":{"name":"Valentina","@id":"https:\/\/ombrasole.com\/fr\/#\/schema\/person\/35431a957ed3ca3e09362ef0a4ef8135"},"headline":"Les d\u00e9tails qui font la diff\u00e9rence : Comment un rideau motoris\u00e9 \u00e9l\u00e8ve l&rsquo;image de votre \u00e9tablissement","datePublished":"2026-04-24T16:48:43+00:00","dateModified":"2026-04-24T16:48:45+00:00","mainEntityOfPage":{"@id":"https:\/\/ombrasole.com\/fr\/blog\/rideau-motorise-exterieur-commercial-a-montreal\/"},"wordCount":1305,"commentCount":0,"publisher":{"@id":"https:\/\/ombrasole.com\/fr\/#organization"},"image":{"@id":"https:\/\/ombrasole.com\/fr\/blog\/rideau-motorise-exterieur-commercial-a-montreal\/#primaryimage"},"thumbnailUrl":"https:\/\/ombrasole.com\/wp-content\/uploads\/2026\/04\/image-32.png","articleSection":["Non classifi\u00e9(e)"],"inLanguage":"fr-FR","potentialAction":[{"@type":"CommentAction","name":"Comment","target":["https:\/\/ombrasole.com\/fr\/blog\/rideau-motorise-exterieur-commercial-a-montreal\/#respond"]}]},{"@type":"WebPage","@id":"https:\/\/ombrasole.com\/fr\/blog\/rideau-motorise-exterieur-commercial-a-montreal\/","url":"https:\/\/ombrasole.com\/fr\/blog\/rideau-motorise-exterieur-commercial-a-montreal\/","name":"Les d\u00e9tails qui font la diff\u00e9rence : Comment un rideau motoris\u00e9 \u00e9l\u00e8ve l'image de votre \u00e9tablissement | Ombrasole Awnings","isPartOf":{"@id":"https:\/\/ombrasole.com\/fr\/#website"},"primaryImageOfPage":{"@id":"https:\/\/ombrasole.com\/fr\/blog\/rideau-motorise-exterieur-commercial-a-montreal\/#primaryimage"},"image":{"@id":"https:\/\/ombrasole.com\/fr\/blog\/rideau-motorise-exterieur-commercial-a-montreal\/#primaryimage"},"thumbnailUrl":"https:\/\/ombrasole.com\/wp-content\/uploads\/2026\/04\/image-32.png","datePublished":"2026-04-24T16:48:43+00:00","dateModified":"2026-04-24T16:48:45+00:00","description":"Les d\u00e9tails qui font la diff\u00e9rence : Comment un rideau motoris\u00e9 \u00e9l\u00e8ve l'image de votre \u00e9tablissement | Ombrasole Awnings","breadcrumb":{"@id":"https:\/\/ombrasole.com\/fr\/blog\/rideau-motorise-exterieur-commercial-a-montreal\/#breadcrumb"},"inLanguage":"fr-FR","potentialAction":[{"@type":"ReadAction","target":["https:\/\/ombrasole.com\/fr\/blog\/rideau-motorise-exterieur-commercial-a-montreal\/"]}]},{"@type":"ImageObject","inLanguage":"fr-FR","@id":"https:\/\/ombrasole.com\/fr\/blog\/rideau-motorise-exterieur-commercial-a-montreal\/#primaryimage","url":"https:\/\/ombrasole.com\/wp-content\/uploads\/2026\/04\/image-32.png","contentUrl":"https:\/\/ombrasole.com\/wp-content\/uploads\/2026\/04\/image-32.png","width":926,"height":571},{"@type":"BreadcrumbList","@id":"https:\/\/ombrasole.com\/fr\/blog\/rideau-motorise-exterieur-commercial-a-montreal\/#breadcrumb","itemListElement":[{"@type":"ListItem","position":1,"name":"Home","item":"https:\/\/ombrasole.com\/fr\/"},{"@type":"ListItem","position":2,"name":"Les d\u00e9tails qui font la diff\u00e9rence : Comment un rideau motoris\u00e9 \u00e9l\u00e8ve l&#8217;image de votre \u00e9tablissement"}]},{"@type":"WebSite","@id":"https:\/\/ombrasole.com\/fr\/#website","url":"https:\/\/ombrasole.com\/fr\/","name":"Ombrasole","description":"Custom Made Awnings In Montreal, Our Style Makes The Difference","publisher":{"@id":"https:\/\/ombrasole.com\/fr\/#organization"},"potentialAction":[{"@type":"SearchAction","target":{"@type":"EntryPoint","urlTemplate":"https:\/\/ombrasole.com\/fr\/?s={search_term_string}"},"query-input":{"@type":"PropertyValueSpecification","valueRequired":true,"valueName":"search_term_string"}}],"inLanguage":"fr-FR"},{"@type":"Organization","@id":"https:\/\/ombrasole.com\/fr\/#organization","name":"Ombrasole","alternateName":"Ombrasole Awnings","url":"https:\/\/ombrasole.com\/fr\/","logo":{"@type":"ImageObject","inLanguage":"fr-FR","@id":"https:\/\/ombrasole.com\/fr\/#\/schema\/logo\/image\/","url":"https:\/\/ombrasole.com\/wp-content\/uploads\/2024\/01\/Ombrasole_logo_white.png","contentUrl":"https:\/\/ombrasole.com\/wp-content\/uploads\/2024\/01\/Ombrasole_logo_white.png","width":328,"height":90,"caption":"Ombrasole"},"image":{"@id":"https:\/\/ombrasole.com\/fr\/#\/schema\/logo\/image\/"},"sameAs":["https:\/\/www.facebook.com\/ombrasole\/"]},{"@type":"Person","@id":"https:\/\/ombrasole.com\/fr\/#\/schema\/person\/35431a957ed3ca3e09362ef0a4ef8135","name":"Valentina","image":{"@type":"ImageObject","inLanguage":"fr-FR","@id":"https:\/\/secure.gravatar.com\/avatar\/f3ba829c24c1fedf9eed656f35ac3cd81026e1d3b05accd96bf38bc85f97a814?s=96&d=mm&r=g","url":"https:\/\/secure.gravatar.com\/avatar\/f3ba829c24c1fedf9eed656f35ac3cd81026e1d3b05accd96bf38bc85f97a814?s=96&d=mm&r=g","contentUrl":"https:\/\/secure.gravatar.com\/avatar\/f3ba829c24c1fedf9eed656f35ac3cd81026e1d3b05accd96bf38bc85f97a814?s=96&d=mm&r=g","caption":"Valentina"},"url":"https:\/\/ombrasole.com\/fr\/author\/valentina\/"}]}},"_links":{"self":[{"href":"https:\/\/ombrasole.com\/fr\/wp-json\/wp\/v2\/posts\/5428","targetHints":{"allow":["GET"]}}],"collection":[{"href":"https:\/\/ombrasole.com\/fr\/wp-json\/wp\/v2\/posts"}],"about":[{"href":"https:\/\/ombrasole.com\/fr\/wp-json\/wp\/v2\/types\/post"}],"author":[{"embeddable":true,"href":"https:\/\/ombrasole.com\/fr\/wp-json\/wp\/v2\/users\/6"}],"replies":[{"embeddable":true,"href":"https:\/\/ombrasole.com\/fr\/wp-json\/wp\/v2\/comments?post=5428"}],"version-history":[{"count":0,"href":"https:\/\/ombrasole.com\/fr\/wp-json\/wp\/v2\/posts\/5428\/revisions"}],"wp:featuredmedia":[{"embeddable":true,"href":"https:\/\/ombrasole.com\/fr\/wp-json\/wp\/v2\/media\/5429"}],"wp:attachment":[{"href":"https:\/\/ombrasole.com\/fr\/wp-json\/wp\/v2\/media?parent=5428"}],"wp:term":[{"taxonomy":"category","embeddable":true,"href":"https:\/\/ombrasole.com\/fr\/wp-json\/wp\/v2\/categories?post=5428"},{"taxonomy":"post_tag","embeddable":true,"href":"https:\/\/ombrasole.com\/fr\/wp-json\/wp\/v2\/tags?post=5428"}],"curies":[{"name":"wp","href":"https:\/\/api.w.org\/{rel}","templated":true}]}}